{"id":7670,"date":"2017-01-11T11:29:22","date_gmt":"2017-01-11T10:29:22","guid":{"rendered":"http:\/\/23music.com\/francobolli-definito-il-programma-di-emissioni-2018-mia-martini-per-le-le-eccellenze-italiane-dello-spettacolo\/"},"modified":"2021-02-26T10:43:45","modified_gmt":"2021-02-26T09:43:45","slug":"francobolli-definito-il-programma-di-emissioni-2018-mia-martini-per-le-le-eccellenze-italiane-dello-spettacolo","status":"publish","type":"post","link":"https:\/\/23music.com\/en\/francobolli-definito-il-programma-di-emissioni-2018-mia-martini-per-le-le-eccellenze-italiane-dello-spettacolo\/","title":{"rendered":"FRANCOBOLLI, DEFINITO IL PROGRAMMA DI EMISSIONI 2018: MIA MARTINI PER LE \u201cLE ECCELLENZE ITALIANE DELLO SPETTACOLO\u201d"},"content":{"rendered":"\t\t<div data-elementor-type=\"wp-post\" data-elementor-id=\"7670\" class=\"elementor elementor-7670 elementor-784\" data-elementor-settings=\"[]\">\n\t\t\t\t\t\t<div class=\"elementor-inner\">\n\t\t\t\t\t\t\t<div class=\"elementor-section-wrap\">\n\t\t\t\t\t\t\t<section class=\"elementor-section elementor-top-section elementor-element elementor-element-1eb60fa2 elementor-section-height-min-height elementor-section-boxed elementor-section-height-default elementor-section-items-middle\" data-id=\"1eb60fa2\" data-element_type=\"section\" data-settings=\"{&quot;background_background&quot;:&quot;classic&quot;}\">\n\t\t\t\t\t\t<div class=\"elementor-container elementor-column-gap-default\">\n\t\t\t\t\t\t\t<div class=\"elementor-row\">\n\t\t\t\t\t<div class=\"elementor-column elementor-col-100 elementor-top-column elementor-element elementor-element-3b38647\" data-id=\"3b38647\" data-element_type=\"column\">\n\t\t\t<div class=\"elementor-column-wrap elementor-element-populated\">\n\t\t\t\t\t\t\t<div class=\"elementor-widget-wrap\">\n\t\t\t\t\t\t<div class=\"elementor-element elementor-element-48d8e93b elementor-widget elementor-widget-theme-post-title elementor-page-title elementor-widget-heading\" data-id=\"48d8e93b\" data-element_type=\"widget\" data-widget_type=\"theme-post-title.default\">\n\t\t\t\t<div class=\"elementor-widget-container\">\n\t\t\t<h1 class=\"elementor-heading-title elementor-size-default\">FRANCOBOLLI, DEFINITO IL PROGRAMMA DI EMISSIONI 2018: MIA MARTINI PER LE \u201cLE ECCELLENZE ITALIANE DELLO SPETTACOLO\u201d<\/h1>\t\t<\/div>\n\t\t\t\t<\/div>\n\t\t\t\t\t\t<\/div>\n\t\t\t\t\t<\/div>\n\t\t<\/div>\n\t\t\t\t\t\t\t\t<\/div>\n\t\t\t\t\t<\/div>\n\t\t<\/section>\n\t\t\t\t<section class=\"elementor-section elementor-top-section elementor-element elementor-element-2a7a695f elementor-section-boxed elementor-section-height-default elementor-section-height-default\" data-id=\"2a7a695f\" data-element_type=\"section\" data-settings=\"{&quot;background_background&quot;:&quot;classic&quot;}\">\n\t\t\t\t\t\t<div class=\"elementor-container elementor-column-gap-default\">\n\t\t\t\t\t\t\t<div class=\"elementor-row\">\n\t\t\t\t\t<div class=\"elementor-column elementor-col-50 elementor-top-column elementor-element elementor-element-5e1404e0\" data-id=\"5e1404e0\" data-element_type=\"column\">\n\t\t\t<div class=\"elementor-column-wrap elementor-element-populated\">\n\t\t\t\t\t\t\t<div class=\"elementor-widget-wrap\">\n\t\t\t\t\t\t<div class=\"elementor-element elementor-element-776c4c0f elementor-align-left elementor-widget elementor-widget-post-info\" data-id=\"776c4c0f\" data-element_type=\"widget\" data-widget_type=\"post-info.default\">\n\t\t\t\t<div class=\"elementor-widget-container\">\n\t\t\t\t\t<ul class=\"elementor-inline-items elementor-icon-list-items elementor-post-info\">\n\t\t\t\t\t<li class=\"elementor-icon-list-item elementor-repeater-item-fde9fb9 elementor-inline-item\" itemprop=\"datePublished\">\n\t\t\t\t\t\t<a href=\"https:\/\/23music.com\/en\/2017\/01\/11\/\">\n\t\t\t\t\t\t\t\t\t\t\t\t\t\t<span class=\"elementor-icon-list-text elementor-post-info__item elementor-post-info__item--type-date\">\n\t\t\t\t\t\t\t\t\t\tJanuary 11, 2017\t\t\t\t\t<\/span>\n\t\t\t\t\t\t\t\t\t<\/a>\n\t\t\t\t<\/li>\n\t\t\t\t<\/ul>\n\t\t\t\t<\/div>\n\t\t\t\t<\/div>\n\t\t\t\t<div class=\"elementor-element elementor-element-c695a7a elementor-widget elementor-widget-theme-post-featured-image elementor-widget-image\" data-id=\"c695a7a\" data-element_type=\"widget\" data-widget_type=\"theme-post-featured-image.default\">\n\t\t\t\t<div class=\"elementor-widget-container\">\n\t\t\t\t\t<div class=\"elementor-image\">\n\t\t\t\t\t\t\t\t\t\t<img width=\"740\" height=\"740\" src=\"https:\/\/23music.com\/wp-content\/uploads\/2021\/01\/Mia_Martini.jpg\" class=\"attachment-full size-full\" alt=\"\" loading=\"lazy\" srcset=\"https:\/\/23music.com\/wp-content\/uploads\/2021\/01\/Mia_Martini.jpg 740w, https:\/\/23music.com\/wp-content\/uploads\/2021\/01\/Mia_Martini-300x300.jpg 300w, https:\/\/23music.com\/wp-content\/uploads\/2021\/01\/Mia_Martini-150x150.jpg 150w\" sizes=\"(max-width: 740px) 100vw, 740px\" \/>\t\t\t\t\t\t\t\t\t\t\t<\/div>\n\t\t\t\t<\/div>\n\t\t\t\t<\/div>\n\t\t\t\t<div class=\"elementor-element elementor-element-ec42be9 elementor-widget elementor-widget-text-editor\" data-id=\"ec42be9\" data-element_type=\"widget\" data-widget_type=\"text-editor.default\">\n\t\t\t\t<div class=\"elementor-widget-container\">\n\t\t\t\t\t<div class=\"elementor-text-editor elementor-clearfix\"><p>Sono questi i numeri del programma di emissione delle carte-valori postali 2018 definite dal Sottosegretario di Stato allo Sviluppo economico Antonello Giacomelli. Tra i francobolli pi\u00f9 rappresentativi scelti per il prossimo anno figurano quello dedicato a San Pio da Pietralcina per commemorare il cinquantenario della scomparsa, quello per celebrare il 45.esimo anniversario della fondazione dei Bandierai degli Uffizi, ovvero gli sbandieratori ufficiali di Firenze e quello per Palermo, capitale italiana della Cultura 2018.<\/p>\n<p>Al suo debutto come serie tematica ,<strong>\u201cle eccellenze italiane dello spettacolo\u201d<\/strong> ricorder\u00e0 con due emissioni i i cantautori italiani <strong>Domenico Modugno<\/strong> e <strong>Mia Martini<\/strong>, mentre per la serie tematica relativa al \u201cpatrimonio artistico e culturale italiano\u201d figurano tra gli altri i francobolli per il centenario dell\u2019inaugurazione del Teatro Eliseo di Roma e per il cinquantenario della scomparsa di Giovanni Guareschi. Ed ancora la serie su \u201cle eccellenze del sistema produttivo ed economico\u201d ospiter\u00e0 un francobollo dedicato al Quotidiano Avvenire nel cinquantenario della sua fondazione, mentre per lo sport figurano tra gli altri un francobollo dedicato a Vittorio Pozzo nel cinquantenario della scomparsa e uno dedicato al Football Club Internazionale Milano a 110 anni dalla fondazione. Tra le emissioni previste per la serie \u201cil senso civico\u201d si trovano francobolli dedicati al reggimento Corazzieri e Gruppo di Intervento Speciale dell\u2019Arma dei Carabinieri per celebrare rispettivamente il 150.esimo e il 40.esimo anniversario della loro istituzione, la Comunit\u00e0 di Sant\u2019Egidio nel cinquantenario della fondazione mentre per la lotta alla mafia due francobolli saranno dedicati a Peppino Impastato e a Giuseppe Puglisi, rispettivamente a 40 anni e 25 anni dalla scomparsa.<\/p>\n<p>Con il programma di emissione 2018, che segue l\u2019emanazione di ieri delle nuove Linee Guida della Filatelia, si completano le attivit\u00e0 programmatiche del settore filatelico previste per quest\u2019anno.<\/p>\n<\/div>\n\t\t\t\t<\/div>\n\t\t\t\t<\/div>\n\t\t\t\t<div class=\"elementor-element elementor-element-f545129 elementor-align-left elementor-widget elementor-widget-button\" data-id=\"f545129\" data-element_type=\"widget\" data-widget_type=\"button.default\">\n\t\t\t\t<div class=\"elementor-widget-container\">\n\t\t\t\t\t<div class=\"elementor-button-wrapper\">\n\t\t\t<a href=\"https:\/\/www.mise.gov.it\/index.php\/it\/194-comunicati-stampa\/2037570-francobolli-definito-il-programma-di-emissioni-2018\" target=\"_blank\" class=\"elementor-button-link elementor-button elementor-size-sm\" role=\"button\">\n\t\t\t\t\t\t<span class=\"elementor-button-content-wrapper\">\n\t\t\t\t\t\t<span class=\"elementor-button-text\">Link to the article<\/span>\n\t\t<\/span>\n\t\t\t\t\t<\/a>\n\t\t<\/div>\n\t\t\t\t<\/div>\n\t\t\t\t<\/div>\n\t\t\t\t\t\t<\/div>\n\t\t\t\t\t<\/div>\n\t\t<\/div>\n\t\t\t\t<div class=\"elementor-column elementor-col-50 elementor-top-column elementor-element elementor-element-5638c7d3\" data-id=\"5638c7d3\" data-element_type=\"column\">\n\t\t\t<div class=\"elementor-column-wrap elementor-element-populated\">\n\t\t\t\t\t\t\t<div class=\"elementor-widget-wrap\">\n\t\t\t\t\t\t<section class=\"elementor-section elementor-inner-section elementor-element elementor-element-4dc329eb elementor-section-boxed elementor-section-height-default elementor-section-height-default\" data-id=\"4dc329eb\" data-element_type=\"section\">\n\t\t\t\t\t\t<div class=\"elementor-container elementor-column-gap-default\">\n\t\t\t\t\t\t\t<div class=\"elementor-row\">\n\t\t\t\t\t<div class=\"elementor-column elementor-col-50 elementor-inner-column elementor-element elementor-element-735f59c0\" data-id=\"735f59c0\" data-element_type=\"column\">\n\t\t\t<div class=\"elementor-column-wrap elementor-element-populated\">\n\t\t\t\t\t\t\t<div class=\"elementor-widget-wrap\">\n\t\t\t\t\t\t<div class=\"elementor-element elementor-element-1462716 elementor-widget elementor-widget-heading\" data-id=\"1462716\" data-element_type=\"widget\" data-widget_type=\"heading.default\">\n\t\t\t\t<div class=\"elementor-widget-container\">\n\t\t\t<h2 class=\"elementor-heading-title elementor-size-default\">share<\/h2>\t\t<\/div>\n\t\t\t\t<\/div>\n\t\t\t\t\t\t<\/div>\n\t\t\t\t\t<\/div>\n\t\t<\/div>\n\t\t\t\t<div class=\"elementor-column elementor-col-50 elementor-inner-column elementor-element elementor-element-4ecd829f\" data-id=\"4ecd829f\" data-element_type=\"column\">\n\t\t\t<div class=\"elementor-column-wrap elementor-element-populated\">\n\t\t\t\t\t\t\t<div class=\"elementor-widget-wrap\">\n\t\t\t\t\t\t<div class=\"elementor-element elementor-element-5210aeb elementor-share-buttons--view-icon elementor-share-buttons--skin-flat elementor-share-buttons--color-custom elementor-share-buttons--shape-rounded elementor-grid-0 elementor-widget elementor-widget-share-buttons\" data-id=\"5210aeb\" data-element_type=\"widget\" data-widget_type=\"share-buttons.default\">\n\t\t\t\t<div class=\"elementor-widget-container\">\n\t\t\t\t\t<div class=\"elementor-grid\">\n\t\t\t\t\t\t\t<div class=\"elementor-grid-item\">\n\t\t\t\t\t<div class=\"elementor-share-btn elementor-share-btn_facebook\">\n\t\t\t\t\t\t\t\t\t\t\t\t\t<span class=\"elementor-share-btn__icon\">\n\t\t\t\t\t\t\t\t<i class=\"fab fa-facebook\" aria-hidden=\"true\"><\/i>\n\t\t\t\t\t\t\t\t<span class=\"elementor-screen-only\">Share on facebook<\/span>\n\t\t\t\t\t\t\t<\/span>\n\t\t\t\t\t\t\t\t\t\t\t\t\t\t\t\t\t<\/div>\n\t\t\t\t<\/div>\n\t\t\t\t\t\t\t\t<div class=\"elementor-grid-item\">\n\t\t\t\t\t<div class=\"elementor-share-btn elementor-share-btn_linkedin\">\n\t\t\t\t\t\t\t\t\t\t\t\t\t<span class=\"elementor-share-btn__icon\">\n\t\t\t\t\t\t\t\t<i class=\"fab fa-linkedin\" aria-hidden=\"true\"><\/i>\n\t\t\t\t\t\t\t\t<span class=\"elementor-screen-only\">Share on linkedin<\/span>\n\t\t\t\t\t\t\t<\/span>\n\t\t\t\t\t\t\t\t\t\t\t\t\t\t\t\t\t<\/div>\n\t\t\t\t<\/div>\n\t\t\t\t\t\t\t\t<div class=\"elementor-grid-item\">\n\t\t\t\t\t<div class=\"elementor-share-btn elementor-share-btn_twitter\">\n\t\t\t\t\t\t\t\t\t\t\t\t\t<span class=\"elementor-share-btn__icon\">\n\t\t\t\t\t\t\t\t<i class=\"fab fa-twitter\" aria-hidden=\"true\"><\/i>\n\t\t\t\t\t\t\t\t<span class=\"elementor-screen-only\">Share on twitter<\/span>\n\t\t\t\t\t\t\t<\/span>\n\t\t\t\t\t\t\t\t\t\t\t\t\t\t\t\t\t<\/div>\n\t\t\t\t<\/div>\n\t\t\t\t\t\t<\/div>\n\t\t\t\t<\/div>\n\t\t\t\t<\/div>\n\t\t\t\t\t\t<\/div>\n\t\t\t\t\t<\/div>\n\t\t<\/div>\n\t\t\t\t\t\t\t\t<\/div>\n\t\t\t\t\t<\/div>\n\t\t<\/section>\n\t\t\t\t<div class=\"elementor-element elementor-element-413c72f0 elementor-widget elementor-widget-heading\" data-id=\"413c72f0\" data-element_type=\"widget\" data-widget_type=\"heading.default\">\n\t\t\t\t<div class=\"elementor-widget-container\">\n\t\t\t<h2 class=\"elementor-heading-title elementor-size-default\">recent posts<\/h2>\t\t<\/div>\n\t\t\t\t<\/div>\n\t\t\t\t<div class=\"elementor-element elementor-element-72bab163 elementor-grid-1 elementor-posts--thumbnail-left elementor-grid-tablet-2 elementor-grid-mobile-1 elementor-widget elementor-widget-posts\" data-id=\"72bab163\" data-element_type=\"widget\" data-settings=\"{&quot;classic_columns&quot;:&quot;1&quot;,&quot;classic_columns_tablet&quot;:&quot;2&quot;,&quot;classic_columns_mobile&quot;:&quot;1&quot;,&quot;classic_row_gap&quot;:{&quot;unit&quot;:&quot;px&quot;,&quot;size&quot;:35,&quot;sizes&quot;:[]}}\" data-widget_type=\"posts.classic\">\n\t\t\t\t<div class=\"elementor-widget-container\">\n\t\t\t\t\t<div class=\"elementor-posts-container elementor-posts elementor-posts--skin-classic elementor-grid\">\n\t\t\t\t<article class=\"elementor-post elementor-grid-item post-7632 post type-post status-publish format-standard has-post-thumbnail hentry category-news-en\">\n\t\t\t\t<a class=\"elementor-post__thumbnail__link\" href=\"https:\/\/23music.com\/en\/loredana-berte-prestera-la-sua-voce-a-un-personaggio-de-la-famiglia-addams\/\" >\n\t\t\t<div class=\"elementor-post__thumbnail\"><img width=\"300\" height=\"300\" src=\"https:\/\/23music.com\/wp-content\/uploads\/2021\/01\/famiglia-addams-300x300.jpg\" class=\"attachment-medium size-medium\" alt=\"\" loading=\"lazy\" srcset=\"https:\/\/23music.com\/wp-content\/uploads\/2021\/01\/famiglia-addams-300x300.jpg 300w, https:\/\/23music.com\/wp-content\/uploads\/2021\/01\/famiglia-addams-1024x1024.jpg 1024w, https:\/\/23music.com\/wp-content\/uploads\/2021\/01\/famiglia-addams-150x150.jpg 150w, https:\/\/23music.com\/wp-content\/uploads\/2021\/01\/famiglia-addams-768x768.jpg 768w, https:\/\/23music.com\/wp-content\/uploads\/2021\/01\/famiglia-addams.jpg 1080w\" sizes=\"(max-width: 300px) 100vw, 300px\" \/><\/div>\n\t\t<\/a>\n\t\t\t\t<div class=\"elementor-post__text\">\n\t\t\t\t<h3 class=\"elementor-post__title\">\n\t\t\t<a href=\"https:\/\/23music.com\/en\/loredana-berte-prestera-la-sua-voce-a-un-personaggio-de-la-famiglia-addams\/\" >\n\t\t\t\tLOREDANA BERT\u00c8 PRESTER\u00c0 LA SUA VOCE A UN PERSONAGGIO DE \u201cLA FAMIGLIA ADDAMS\u201d\t\t\t<\/a>\n\t\t<\/h3>\n\t\t\t\t<div class=\"elementor-post__excerpt\">\n\t\t\t<p>Una delle voci pi\u00f9 amate della musica italiana debutta sul grande schermo LOREDANA BERT\u00c8 PRESTER\u00c0 LA SUA VOCE AL PERSONAGGIO DOPPIATO NEGLI USA DALLA GRANDE<\/p>\n\t\t<\/div>\n\t\t\t\t<\/div>\n\t\t\t\t<\/article>\n\t\t\t\t<article class=\"elementor-post elementor-grid-item post-7638 post type-post status-publish format-standard has-post-thumbnail hentry category-news-en\">\n\t\t\t\t<a class=\"elementor-post__thumbnail__link\" href=\"https:\/\/23music.com\/en\/eurovision-2019-prima-semifinale-tra-i-dieci-qualificati-ce-san-marino\/\" >\n\t\t\t<div class=\"elementor-post__thumbnail\"><img width=\"300\" height=\"167\" src=\"https:\/\/23music.com\/wp-content\/uploads\/2021\/01\/eurovision-19-300x167.jpg\" class=\"attachment-medium size-medium\" alt=\"\" loading=\"lazy\" srcset=\"https:\/\/23music.com\/wp-content\/uploads\/2021\/01\/eurovision-19-300x167.jpg 300w, https:\/\/23music.com\/wp-content\/uploads\/2021\/01\/eurovision-19.jpg 720w\" sizes=\"(max-width: 300px) 100vw, 300px\" \/><\/div>\n\t\t<\/a>\n\t\t\t\t<div class=\"elementor-post__text\">\n\t\t\t\t<h3 class=\"elementor-post__title\">\n\t\t\t<a href=\"https:\/\/23music.com\/en\/eurovision-2019-prima-semifinale-tra-i-dieci-qualificati-ce-san-marino\/\" >\n\t\t\t\tEUROVISION 2019, PRIMA SEMIFINALE: TRA I DIECI QUALIFICATI C\u2019\u00c8 SAN MARINO\t\t\t<\/a>\n\t\t<\/h3>\n\t\t\t\t<div class=\"elementor-post__excerpt\">\n\t\t\t<p>La lunga attesa \u00e8 finita. Con la prima semifinale andata in onda dall\u2019Expo Tel Aviv in Israele, \u00e8 iniziata ufficialmente la maratona settimanale dell\u2019Eurovision Song<\/p>\n\t\t<\/div>\n\t\t\t\t<\/div>\n\t\t\t\t<\/article>\n\t\t\t\t<article class=\"elementor-post elementor-grid-item post-7646 post type-post status-publish format-standard has-post-thumbnail hentry category-news-en\">\n\t\t\t\t<a class=\"elementor-post__thumbnail__link\" href=\"https:\/\/23music.com\/en\/il-giornale-it-sanremo-2019-standing-ovation-per-loredana-berte\/\" >\n\t\t\t<div class=\"elementor-post__thumbnail\"><img width=\"195\" height=\"300\" src=\"https:\/\/23music.com\/wp-content\/uploads\/2021\/01\/il-giornale-sanremo-195x300.jpg\" class=\"attachment-medium size-medium\" alt=\"\" loading=\"lazy\" srcset=\"https:\/\/23music.com\/wp-content\/uploads\/2021\/01\/il-giornale-sanremo-195x300.jpg 195w, https:\/\/23music.com\/wp-content\/uploads\/2021\/01\/il-giornale-sanremo.jpg 520w\" sizes=\"(max-width: 195px) 100vw, 195px\" \/><\/div>\n\t\t<\/a>\n\t\t\t\t<div class=\"elementor-post__text\">\n\t\t\t\t<h3 class=\"elementor-post__title\">\n\t\t\t<a href=\"https:\/\/23music.com\/en\/il-giornale-it-sanremo-2019-standing-ovation-per-loredana-berte\/\" >\n\t\t\t\tIL GIORNALE.IT \u2013 SANREMO 2019, STANDING OVATION PER LOREDANA BERT\u00c8\t\t\t<\/a>\n\t\t<\/h3>\n\t\t\t\t<div class=\"elementor-post__excerpt\">\n\t\t\t<p>Loredana Bert\u00e8 \u00e8 stata apprezzatissima dal pubblico del Festival di Sanremo 2019, sia quello presente all\u2019Ariston, sia quello che ha decantato le sue doti sui<\/p>\n\t\t<\/div>\n\t\t\t\t<\/div>\n\t\t\t\t<\/article>\n\t\t\t\t<article class=\"elementor-post elementor-grid-item post-7642 post type-post status-publish format-standard has-post-thumbnail hentry category-news-en\">\n\t\t\t\t<a class=\"elementor-post__thumbnail__link\" href=\"https:\/\/23music.com\/en\/il-messaggero-it-loredana-berte-rivincita-su-sanremo-il-suo-disco-e-nella-top-di-spotify\/\" >\n\t\t\t<div class=\"elementor-post__thumbnail\"><img width=\"300\" height=\"272\" src=\"https:\/\/23music.com\/wp-content\/uploads\/2021\/01\/ilmessaggero.it_-300x272.jpg\" class=\"attachment-medium size-medium\" alt=\"\" loading=\"lazy\" srcset=\"https:\/\/23music.com\/wp-content\/uploads\/2021\/01\/ilmessaggero.it_-300x272.jpg 300w, https:\/\/23music.com\/wp-content\/uploads\/2021\/01\/ilmessaggero.it_.jpg 613w\" sizes=\"(max-width: 300px) 100vw, 300px\" \/><\/div>\n\t\t<\/a>\n\t\t\t\t<div class=\"elementor-post__text\">\n\t\t\t\t<h3 class=\"elementor-post__title\">\n\t\t\t<a href=\"https:\/\/23music.com\/en\/il-messaggero-it-loredana-berte-rivincita-su-sanremo-il-suo-disco-e-nella-top-di-spotify\/\" >\n\t\t\t\tIL MESSAGGERO.IT \u2013 LOREDANA BERT\u00c8, RIVINCITA SU SANREMO IL SUO DISCO \u00c8 NELLA TOP DI SPOTIFY\t\t\t<\/a>\n\t\t<\/h3>\n\t\t\t\t<div class=\"elementor-post__excerpt\">\n\t\t\t<p>Il festival di Sanremo non l\u2019ha premiata, ma Loredana Bert\u00e8, sulle scene da pi\u00f9 di 40 anni, si prende la sua rivincita nelle classifiche. \u201cCosa<\/p>\n\t\t<\/div>\n\t\t\t\t<\/div>\n\t\t\t\t<\/article>\n\t\t\t\t<article class=\"elementor-post elementor-grid-item post-7650 post type-post status-publish format-standard has-post-thumbnail hentry category-news-en\">\n\t\t\t\t<a class=\"elementor-post__thumbnail__link\" href=\"https:\/\/23music.com\/en\/esc-2019-serhat-rappresentera-san-marino-a-tel-aviv\/\" >\n\t\t\t<div class=\"elementor-post__thumbnail\"><img width=\"233\" height=\"300\" src=\"https:\/\/23music.com\/wp-content\/uploads\/2021\/01\/serhat@eurovision_2019_400x515-233x300.jpg\" class=\"attachment-medium size-medium\" alt=\"\" loading=\"lazy\" srcset=\"https:\/\/23music.com\/wp-content\/uploads\/2021\/01\/serhat@eurovision_2019_400x515-233x300.jpg 233w, https:\/\/23music.com\/wp-content\/uploads\/2021\/01\/serhat@eurovision_2019_400x515.jpg 400w\" sizes=\"(max-width: 233px) 100vw, 233px\" \/><\/div>\n\t\t<\/a>\n\t\t\t\t<div class=\"elementor-post__text\">\n\t\t\t\t<h3 class=\"elementor-post__title\">\n\t\t\t<a href=\"https:\/\/23music.com\/en\/esc-2019-serhat-rappresentera-san-marino-a-tel-aviv\/\" >\n\t\t\t\tESC 2019: SERHAT RAPPRESENTER\u00c0 SAN MARINO A TEL AVIV\t\t\t<\/a>\n\t\t<\/h3>\n\t\t\t\t<div class=\"elementor-post__excerpt\">\n\t\t\t<p>Una faccia conosciuta, quella di Serhat. Sar\u00e0 lui a rappresentare San Marino al prossimo Eurovision Song Contest di Tel Aviv. Oggi la conferenza stampa che<\/p>\n\t\t<\/div>\n\t\t\t\t<\/div>\n\t\t\t\t<\/article>\n\t\t\t\t<\/div>\n\t\t\t\t<\/div>\n\t\t\t\t<\/div>\n\t\t\t\t\t\t<\/div>\n\t\t\t\t\t<\/div>\n\t\t<\/div>\n\t\t\t\t\t\t\t\t<\/div>\n\t\t\t\t\t<\/div>\n\t\t<\/section>\n\t\t\t\t<section class=\"elementor-section elementor-top-section elementor-element elementor-element-86c5e5c elementor-section-boxed elementor-section-height-default elementor-section-height-default\" data-id=\"86c5e5c\" data-element_type=\"section\" data-settings=\"{&quot;background_background&quot;:&quot;classic&quot;}\">\n\t\t\t\t\t\t<div class=\"elementor-container elementor-column-gap-default\">\n\t\t\t\t\t\t\t<div class=\"elementor-row\">\n\t\t\t\t\t<div class=\"elementor-column elementor-col-100 elementor-top-column elementor-element elementor-element-1cfde56\" data-id=\"1cfde56\" data-element_type=\"column\">\n\t\t\t<div class=\"elementor-column-wrap elementor-element-populated\">\n\t\t\t\t\t\t\t<div class=\"elementor-widget-wrap\">\n\t\t\t\t\t\t<div class=\"elementor-element elementor-element-81a7f83 elementor-align-center elementor-widget elementor-widget-button\" data-id=\"81a7f83\" data-element_type=\"widget\" data-widget_type=\"button.default\">\n\t\t\t\t<div class=\"elementor-widget-container\">\n\t\t\t\t\t<div class=\"elementor-button-wrapper\">\n\t\t\t<a href=\"https:\/\/23music.com\/en\/news\/\" class=\"elementor-button-link elementor-button elementor-size-sm\" role=\"button\">\n\t\t\t\t\t\t<span class=\"elementor-button-content-wrapper\">\n\t\t\t\t\t\t<span class=\"elementor-button-text\">back to news<\/span>\n\t\t<\/span>\n\t\t\t\t\t<\/a>\n\t\t<\/div>\n\t\t\t\t<\/div>\n\t\t\t\t<\/div>\n\t\t\t\t\t\t<\/div>\n\t\t\t\t\t<\/div>\n\t\t<\/div>\n\t\t\t\t\t\t\t\t<\/div>\n\t\t\t\t\t<\/div>\n\t\t<\/section>\n\t\t\t\t<section class=\"elementor-section elementor-top-section elementor-element elementor-element-fa78532 elementor-section-boxed elementor-section-height-default elementor-section-height-default\" data-id=\"fa78532\" data-element_type=\"section\" data-settings=\"{&quot;background_background&quot;:&quot;classic&quot;}\">\n\t\t\t\t\t\t<div class=\"elementor-container elementor-column-gap-default\">\n\t\t\t\t\t\t\t<div class=\"elementor-row\">\n\t\t\t\t\t<div class=\"elementor-column elementor-col-100 elementor-top-column elementor-element elementor-element-9ab0e4b\" data-id=\"9ab0e4b\" data-element_type=\"column\">\n\t\t\t<div class=\"elementor-column-wrap elementor-element-populated\">\n\t\t\t\t\t\t\t<div class=\"elementor-widget-wrap\">\n\t\t\t\t\t\t<div class=\"elementor-element elementor-element-ca9bfd5 elementor-post-navigation-borders-yes elementor-widget elementor-widget-post-navigation\" data-id=\"ca9bfd5\" data-element_type=\"widget\" data-widget_type=\"post-navigation.default\">\n\t\t\t\t<div class=\"elementor-widget-container\">\n\t\t\t\t\t<div class=\"elementor-post-navigation elementor-grid\">\n\t\t\t<div class=\"elementor-post-navigation__prev elementor-post-navigation__link\">\n\t\t\t\t<a href=\"https:\/\/23music.com\/en\/loredana-berte-partecipera-al-prossimo-festival-di-sanremo\/\" rel=\"prev\"><span class=\"post-navigation__arrow-wrapper post-navigation__arrow-prev\"><i class=\"fa fa-chevron-circle-left\" aria-hidden=\"true\"><\/i><span class=\"elementor-screen-only\">Prev<\/span><\/span><span class=\"elementor-post-navigation__link__prev\"><span class=\"post-navigation__prev--label\">Previous<\/span><span class=\"post-navigation__prev--title\">LOREDANA BERT\u00c8 PARTECIPER\u00c0 AL PROSSIMO FESTIVAL DI SANREMO<\/span><\/span><\/a>\t\t\t<\/div>\n\t\t\t\t\t\t\t<div class=\"elementor-post-navigation__separator-wrapper\">\n\t\t\t\t\t<div class=\"elementor-post-navigation__separator\"><\/div>\n\t\t\t\t<\/div>\n\t\t\t\t\t\t<div class=\"elementor-post-navigation__next elementor-post-navigation__link\">\n\t\t\t\t<a href=\"https:\/\/23music.com\/en\/il-messaggero-it-loredana-berte-rivincita-su-sanremo-il-suo-disco-e-nella-top-di-spotify\/\" rel=\"next\"><span class=\"elementor-post-navigation__link__next\"><span class=\"post-navigation__next--label\">Next<\/span><span class=\"post-navigation__next--title\">IL MESSAGGERO.IT \u2013 LOREDANA BERT\u00c8, RIVINCITA SU SANREMO IL SUO DISCO \u00c8 NELLA TOP DI SPOTIFY<\/span><\/span><span class=\"post-navigation__arrow-wrapper post-navigation__arrow-next\"><i class=\"fa fa-chevron-circle-right\" aria-hidden=\"true\"><\/i><span class=\"elementor-screen-only\">Next<\/span><\/span><\/a>\t\t\t<\/div>\n\t\t<\/div>\n\t\t\t\t<\/div>\n\t\t\t\t<\/div>\n\t\t\t\t\t\t<\/div>\n\t\t\t\t\t<\/div>\n\t\t<\/div>\n\t\t\t\t\t\t\t\t<\/div>\n\t\t\t\t\t<\/div>\n\t\t<\/section>\n\t\t\t\t\t\t<\/div>\n\t\t\t\t\t\t<\/div>\n\t\t\t\t\t<\/div>\n\t\t","protected":false},"excerpt":{"rendered":"<p>Sono questi i numeri del programma di emissione delle carte-valori postali 2018 definite dal Sottosegretario di Stato allo Sviluppo economico Antonello Giacomelli. Tra i francobolli pi\u00f9 rappresentativi scelti per il prossimo anno figurano quello dedicato a San Pio da Pietralcina per commemorare il cinquantenario della scomparsa, quello per celebrare il 45.esimo anniversario della fondazione dei [&hellip;]<\/p>\n","protected":false},"author":1,"featured_media":7672,"comment_status":"closed","ping_status":"closed","sticky":false,"template":"elementor_header_footer","format":"standard","meta":{"_mi_skip_tracking":false},"categories":[394],"tags":[],"yoast_head":"<!-- This site is optimized with the Yoast SEO plugin v15.9 - https:\/\/yoast.com\/wordpress\/plugins\/seo\/ -->\n<title>FRANCOBOLLI, DEFINITO IL PROGRAMMA DI EMISSIONI 2018: MIA MARTINI PER LE \u201cLE ECCELLENZE ITALIANE DELLO SPETTACOLO\u201d - 23 Music<\/title>\n<meta name=\"robots\" content=\"index, follow, max-snippet:-1, max-image-preview:large, max-video-preview:-1\" \/>\n<link rel=\"canonical\" href=\"https:\/\/23music.com\/en\/francobolli-definito-il-programma-di-emissioni-2018-mia-martini-per-le-le-eccellenze-italiane-dello-spettacolo\/\" \/>\n<meta property=\"og:locale\" content=\"en_US\" \/>\n<meta property=\"og:type\" content=\"article\" \/>\n<meta property=\"og:title\" content=\"FRANCOBOLLI, DEFINITO IL PROGRAMMA DI EMISSIONI 2018: MIA MARTINI PER LE \u201cLE ECCELLENZE ITALIANE DELLO SPETTACOLO\u201d - 23 Music\" \/>\n<meta property=\"og:description\" content=\"Sono questi i numeri del programma di emissione delle carte-valori postali 2018 definite dal Sottosegretario di Stato allo Sviluppo economico Antonello Giacomelli. Tra i francobolli pi\u00f9 rappresentativi scelti per il prossimo anno figurano quello dedicato a San Pio da Pietralcina per commemorare il cinquantenario della scomparsa, quello per celebrare il 45.esimo anniversario della fondazione dei [&hellip;]\" \/>\n<meta property=\"og:url\" content=\"https:\/\/23music.com\/en\/francobolli-definito-il-programma-di-emissioni-2018-mia-martini-per-le-le-eccellenze-italiane-dello-spettacolo\/\" \/>\n<meta property=\"og:site_name\" content=\"23 Music\" \/>\n<meta property=\"article:published_time\" content=\"2017-01-11T10:29:22+00:00\" \/>\n<meta property=\"article:modified_time\" content=\"2021-02-26T09:43:45+00:00\" \/>\n<meta property=\"og:image\" content=\"https:\/\/23music.com\/wp-content\/uploads\/2021\/01\/Mia_Martini.jpg\" \/>\n\t<meta property=\"og:image:width\" content=\"740\" \/>\n\t<meta property=\"og:image:height\" content=\"740\" \/>\n<meta name=\"twitter:card\" content=\"summary_large_image\" \/>\n<meta name=\"twitter:label1\" content=\"Est. reading time\">\n\t<meta name=\"twitter:data1\" content=\"2 minutes\">\n<script type=\"application\/ld+json\" class=\"yoast-schema-graph\">{\"@context\":\"https:\/\/schema.org\",\"@graph\":[{\"@type\":\"WebSite\",\"@id\":\"https:\/\/23music.com\/#website\",\"url\":\"https:\/\/23music.com\/\",\"name\":\"23 Music\",\"description\":\"\",\"potentialAction\":[{\"@type\":\"SearchAction\",\"target\":\"https:\/\/23music.com\/?s={search_term_string}\",\"query-input\":\"required name=search_term_string\"}],\"inLanguage\":\"en-US\"},{\"@type\":\"ImageObject\",\"@id\":\"https:\/\/23music.com\/en\/francobolli-definito-il-programma-di-emissioni-2018-mia-martini-per-le-le-eccellenze-italiane-dello-spettacolo\/#primaryimage\",\"inLanguage\":\"en-US\",\"url\":\"https:\/\/23music.com\/wp-content\/uploads\/2021\/01\/Mia_Martini.jpg\",\"width\":740,\"height\":740},{\"@type\":\"WebPage\",\"@id\":\"https:\/\/23music.com\/en\/francobolli-definito-il-programma-di-emissioni-2018-mia-martini-per-le-le-eccellenze-italiane-dello-spettacolo\/#webpage\",\"url\":\"https:\/\/23music.com\/en\/francobolli-definito-il-programma-di-emissioni-2018-mia-martini-per-le-le-eccellenze-italiane-dello-spettacolo\/\",\"name\":\"FRANCOBOLLI, DEFINITO IL PROGRAMMA DI EMISSIONI 2018: MIA MARTINI PER LE \\u201cLE ECCELLENZE ITALIANE DELLO SPETTACOLO\\u201d - 23 Music\",\"isPartOf\":{\"@id\":\"https:\/\/23music.com\/#website\"},\"primaryImageOfPage\":{\"@id\":\"https:\/\/23music.com\/en\/francobolli-definito-il-programma-di-emissioni-2018-mia-martini-per-le-le-eccellenze-italiane-dello-spettacolo\/#primaryimage\"},\"datePublished\":\"2017-01-11T10:29:22+00:00\",\"dateModified\":\"2021-02-26T09:43:45+00:00\",\"author\":{\"@id\":\"https:\/\/23music.com\/#\/schema\/person\/8e9bf6b53337c10b2991b060c6bbd1da\"},\"breadcrumb\":{\"@id\":\"https:\/\/23music.com\/en\/francobolli-definito-il-programma-di-emissioni-2018-mia-martini-per-le-le-eccellenze-italiane-dello-spettacolo\/#breadcrumb\"},\"inLanguage\":\"en-US\",\"potentialAction\":[{\"@type\":\"ReadAction\",\"target\":[\"https:\/\/23music.com\/en\/francobolli-definito-il-programma-di-emissioni-2018-mia-martini-per-le-le-eccellenze-italiane-dello-spettacolo\/\"]}]},{\"@type\":\"BreadcrumbList\",\"@id\":\"https:\/\/23music.com\/en\/francobolli-definito-il-programma-di-emissioni-2018-mia-martini-per-le-le-eccellenze-italiane-dello-spettacolo\/#breadcrumb\",\"itemListElement\":[{\"@type\":\"ListItem\",\"position\":1,\"item\":{\"@type\":\"WebPage\",\"@id\":\"https:\/\/23music.com\/en\/\",\"url\":\"https:\/\/23music.com\/en\/\",\"name\":\"Home\"}},{\"@type\":\"ListItem\",\"position\":2,\"item\":{\"@type\":\"WebPage\",\"@id\":\"https:\/\/23music.com\/en\/francobolli-definito-il-programma-di-emissioni-2018-mia-martini-per-le-le-eccellenze-italiane-dello-spettacolo\/\",\"url\":\"https:\/\/23music.com\/en\/francobolli-definito-il-programma-di-emissioni-2018-mia-martini-per-le-le-eccellenze-italiane-dello-spettacolo\/\",\"name\":\"FRANCOBOLLI, DEFINITO IL PROGRAMMA DI EMISSIONI 2018: MIA MARTINI PER LE \\u201cLE ECCELLENZE ITALIANE DELLO SPETTACOLO\\u201d\"}}]},{\"@type\":\"Person\",\"@id\":\"https:\/\/23music.com\/#\/schema\/person\/8e9bf6b53337c10b2991b060c6bbd1da\",\"name\":\"admin\",\"image\":{\"@type\":\"ImageObject\",\"@id\":\"https:\/\/23music.com\/#personlogo\",\"inLanguage\":\"en-US\",\"url\":\"https:\/\/secure.gravatar.com\/avatar\/9ba7cbac749a8fa801380ad3d0926622?s=96&d=mm&r=g\",\"caption\":\"admin\"},\"sameAs\":[\"http:\/\/23music.com\"]}]}<\/script>\n<!-- \/ Yoast SEO plugin. -->","_links":{"self":[{"href":"https:\/\/23music.com\/en\/wp-json\/wp\/v2\/posts\/7670"}],"collection":[{"href":"https:\/\/23music.com\/en\/wp-json\/wp\/v2\/posts"}],"about":[{"href":"https:\/\/23music.com\/en\/wp-json\/wp\/v2\/types\/post"}],"author":[{"embeddable":true,"href":"https:\/\/23music.com\/en\/wp-json\/wp\/v2\/users\/1"}],"replies":[{"embeddable":true,"href":"https:\/\/23music.com\/en\/wp-json\/wp\/v2\/comments?post=7670"}],"version-history":[{"count":6,"href":"https:\/\/23music.com\/en\/wp-json\/wp\/v2\/posts\/7670\/revisions"}],"predecessor-version":[{"id":12259,"href":"https:\/\/23music.com\/en\/wp-json\/wp\/v2\/posts\/7670\/revisions\/12259"}],"wp:featuredmedia":[{"embeddable":true,"href":"https:\/\/23music.com\/en\/wp-json\/wp\/v2\/media\/7672"}],"wp:attachment":[{"href":"https:\/\/23music.com\/en\/wp-json\/wp\/v2\/media?parent=7670"}],"wp:term":[{"taxonomy":"category","embeddable":true,"href":"https:\/\/23music.com\/en\/wp-json\/wp\/v2\/categories?post=7670"},{"taxonomy":"post_tag","embeddable":true,"href":"https:\/\/23music.com\/en\/wp-json\/wp\/v2\/tags?post=7670"}],"curies":[{"name":"wp","href":"https:\/\/api.w.org\/{rel}","templated":true}]}}